[{"@context":"https:\/\/schema.org\/","@type":"Article","@id":"https:\/\/www.strabis.cz\/za-jakou-vlast-a-svobodu-bojuje-ve-valce-delfin\/#Article","mainEntityOfPage":"https:\/\/www.strabis.cz\/za-jakou-vlast-a-svobodu-bojuje-ve-valce-delfin\/","headline":"Za jakou vlast a svobodu bojuje ve v\u00e1lce delf\u00edn?","name":"Za jakou vlast a svobodu bojuje ve v\u00e1lce delf\u00edn?","description":"U\u017e je to n\u011bkolik let, co se do tisku cel\u00e9ho sv\u011bta dostala zpr\u00e1va o zneu\u017e\u00edv\u00e1n\u00ed delf\u00edn\u016f ve v\u00e1lce. Jednalo se o v\u00e1lku v Ir\u00e1ku, ve kter\u00e9 delf\u00edny vyu\u017eila americk\u00e1 arm\u00e1da. Sice jim nebyly vtisknuty do ploutv\u00ed \u017e\u00e1dn\u00e9 samopaly, ale i tak mi p\u0159ipad\u00e1, \u017ee je to velice neetick\u00e9. Delf\u00edni m\u011bli za \u00fakol kontrovat pono\u0159en\u00e9 \u010d\u00e1sti [&hellip;]","datePublished":"2025-02-22","dateModified":"2023-05-03","author":{"@type":"Person","@id":"https:\/\/www.strabis.cz\/author\/#Person","name":"strabis.cz\n","url":"https:\/\/www.strabis.cz\/author\/","identifier":1,"image":{"@type":"ImageObject","@id":"https:\/\/secure.gravatar.com\/avatar\/68b3ed45b3ae6ecdad6bfa25b4077e93536d7764172b2830acbdb661d7242512?s=96&d=mm&r=g","url":"https:\/\/secure.gravatar.com\/avatar\/68b3ed45b3ae6ecdad6bfa25b4077e93536d7764172b2830acbdb661d7242512?s=96&d=mm&r=g","height":96,"width":96}},"publisher":{"@type":"Organization","name":"strabis.cz","logo":{"@type":"ImageObject","@id":"\/logo.png","url":"\/logo.png","width":600,"height":60}},"image":{"@type":"ImageObject","@id":"https:\/\/www.strabis.cz\/wp-content\/uploads\/img_a309412_w2388_t1520329440.jpg","url":"https:\/\/www.strabis.cz\/wp-content\/uploads\/img_a309412_w2388_t1520329440.jpg","height":0,"width":0},"url":"https:\/\/www.strabis.cz\/za-jakou-vlast-a-svobodu-bojuje-ve-valce-delfin\/","about":["Zv\u00ed\u0159ata"],"wordCount":420,"articleBody":"U\u017e je to n\u011bkolik let, co se do tisku cel\u00e9ho sv\u011bta dostala zpr\u00e1va o zneu\u017e\u00edv\u00e1n\u00ed delf\u00edn\u016f ve v\u00e1lce. Jednalo se o v\u00e1lku v Ir\u00e1ku, ve kter\u00e9 delf\u00edny vyu\u017eila americk\u00e1 arm\u00e1da. Sice jim nebyly vtisknuty do ploutv\u00ed \u017e\u00e1dn\u00e9 samopaly, ale i tak mi p\u0159ipad\u00e1, \u017ee je to velice neetick\u00e9. Delf\u00edni m\u011bli za \u00fakol kontrovat pono\u0159en\u00e9 \u010d\u00e1sti lod\u00ed. Hlavn\u011b, jestli na nich nejsou um\u00edst\u011bn\u00e9 miny.\u00b7\u00a0\u00a0\u00a0\u00a0\u00a0\u00a0\u00a0 Na my\u0161lenku zneu\u017eit\u00ed inteligence delf\u00edna pro v\u00e1le\u010dn\u00e9 \u00fa\u010dely p\u0159i\u0161li lid\u00e9 u\u017e v \u0161edes\u00e1t\u00fdch letech minul\u00e9ho stolet\u00ed.\u00b7\u00a0\u00a0\u00a0\u00a0\u00a0\u00a0\u00a0 Sv\u011bdom\u00ed si t\u00edm zat\u00ed\u017eila jak americk\u00e1 strana, tak i rusk\u00e1.Tehdy to ale bylo je\u0161t\u011b o n\u011bco hor\u0161\u00ed. Mo\u017en\u00e1 bychom mohli jedn\u00e1n\u00ed lid\u00ed nazvat dokonce zr\u016fdnost\u00ed. Delf\u00edni byli zneu\u017eiti jako kamikadze, proto\u017ee m\u011bli don\u00e9st na sv\u00e9m t\u011ble v\u00fdbu\u0161ninu k ponorce nebo lodi nep\u0159\u00edtele. Nikdy se asi sv\u011bt nedozv\u00ed, kolik neboh\u00fdch zv\u00ed\u0159at na tento geni\u00e1ln\u00ed n\u00e1pad \u010dlov\u011bka doplatilo jen p\u0159i v\u00fdcviku. N\u011bkter\u00e9 zdroje mluv\u00ed o stovk\u00e1ch, n\u011bkter\u00e9 jdou a\u017e do tis\u00edc\u016f.\u00a7\u00a0 Stejn\u011b utajen\u00e9 maj\u00ed pro n\u00e1s m\u00e1 z\u016fstat po\u010dty mrtv\u00fdch delf\u00edn\u016f ve vietnamsk\u00e9 v\u00e1lce, v Persk\u00e9m z\u00e1livu, ve v\u00e1lce Ir\u00e1nu proti Ir\u00e1ku.\tOchr\u00e1nci, vzbu\u010fte se!Kone\u010dn\u011b p\u0159ich\u00e1z\u00ed rok 1990, kdy se probouzej\u00ed ochr\u00e1nci zv\u00ed\u0159at. Zji\u0161\u0165uj\u00ed, \u017ee jsou delf\u00edni zneu\u017e\u00edv\u00e1ni ke st\u0159e\u017een\u00ed n\u00e1mo\u0159n\u00ed ponorkov\u00e9 z\u00e1kladny v Tridentu.\u00b7\u00a0\u00a0\u00a0\u00a0\u00a0\u00a0\u00a0\u00a0 Ochr\u00e1nci prok\u00e1zali, \u017ee jsou delf\u00edni p\u0159i v\u00fdcviku biti, t\u00fdr\u00e1ni a ponech\u00e1v\u00e1ni o hladu.\u00b7\u00a0\u00a0\u00a0\u00a0\u00a0\u00a0\u00a0 Nav\u00edc se potvrzuje, \u017ee delf\u00edni v boj\u00edch i p\u0159i v\u00fdcviku hynou.Doufejme, \u017ee posledn\u00edm podobn\u00fdm skand\u00e1lem je ten, kter\u00fd se odehr\u00e1l roku 2003. Na pob\u0159e\u017e\u00ed Francie vlna vyplavila dvaadvacet mrtv\u00fdch delf\u00edn\u016f. Po prozkoum\u00e1n\u00ed jejich t\u011bl p\u0159i\u0161li v\u011bdci na to, \u017ee maj\u00ed v\u0161ichni pod k\u016f\u017e\u00ed ve tk\u00e1n\u00edch krku d\u00edru velkou jako p\u011bst. S nejv\u011bt\u0161\u00ed pravd\u011bpodobnost\u00ed se jedn\u00e1 o vojensk\u00e9 \u201edezert\u00e9ry\u201c. Byla jim na krku odp\u00e1lena v\u00fdbu\u0161nina, kterou si nesli s sebou ze zajet\u00ed. Arm\u00e1da se ob\u00e1vala, \u017ee by mohli pr\u00fd vyzradit n\u011bjak\u00e9 vojensk\u00e9 tajemstv\u00ed. Co k tomu dodat.                                                                                                                                                                                                                                                                                                                                                                                        3.7\/5 - (6 votes)        "},{"@context":"https:\/\/schema.org\/","@type":"BreadcrumbList","itemListElement":[{"@type":"ListItem","position":1,"name":"Za jakou vlast a svobodu bojuje ve v\u00e1lce delf\u00edn?","item":"https:\/\/www.strabis.cz\/za-jakou-vlast-a-svobodu-bojuje-ve-valce-delfin\/#breadcrumbitem"}]}]