[{"@context":"https:\/\/schema.org\/","@type":"Article","@id":"https:\/\/www.strabis.cz\/vozovy-park-je-na-skvele-urovni\/#Article","mainEntityOfPage":"https:\/\/www.strabis.cz\/vozovy-park-je-na-skvele-urovni\/","headline":"Vozov\u00fd park je na skv\u011bl\u00e9 \u00farovni","name":"Vozov\u00fd park je na skv\u011bl\u00e9 \u00farovni","description":"Jste p\u0159ipraveni nau\u010dit se \u0159\u00eddit? Na\u0161e auto\u0161kola Praha V\u00e1s r\u00e1da p\u0159ijme. U n\u00e1s je vhodn\u00e9 prost\u0159ed\u00ed pro z\u00edsk\u00e1n\u00ed \u0159idi\u010dsk\u00e9ho pr\u016fkaz. Podm\u00ednky, ve kter\u00fdch se budete u\u010dit ovl\u00e1dat vozidlo, jsou vysok\u00e9 \u00farovni. Ka\u017ed\u00e9 vozidlo je pravideln\u011b odes\u00edl\u00e1no na technick\u00e9 prohl\u00eddky. M\u00e1lokdy u n\u00e1s dojde k n\u011bjak\u00e9 poru\u0161e. \u0160kolitel\u00e9 maj\u00ed odpov\u00eddaj\u00edc\u00ed vzd\u011bl\u00e1n\u00ed a nepostr\u00e1daj\u00ed ani tolik pot\u0159ebnou [&hellip;]","datePublished":"2025-03-07","dateModified":"2025-03-07","author":{"@type":"Person","@id":"https:\/\/www.strabis.cz\/author\/#Person","name":"strabis.cz\n","url":"https:\/\/www.strabis.cz\/author\/","identifier":1,"image":{"@type":"ImageObject","@id":"https:\/\/secure.gravatar.com\/avatar\/68b3ed45b3ae6ecdad6bfa25b4077e93536d7764172b2830acbdb661d7242512?s=96&d=mm&r=g","url":"https:\/\/secure.gravatar.com\/avatar\/68b3ed45b3ae6ecdad6bfa25b4077e93536d7764172b2830acbdb661d7242512?s=96&d=mm&r=g","height":96,"width":96}},"publisher":{"@type":"Organization","name":"strabis.cz","logo":{"@type":"ImageObject","@id":"\/logo.png","url":"\/logo.png","width":600,"height":60}},"url":"https:\/\/www.strabis.cz\/vozovy-park-je-na-skvele-urovni\/","wordCount":185,"articleBody":" Jste p\u0159ipraveni nau\u010dit se \u0159\u00eddit? Na\u0161e auto\u0161kola Praha V\u00e1s r\u00e1da p\u0159ijme. U n\u00e1s je vhodn\u00e9 prost\u0159ed\u00ed pro z\u00edsk\u00e1n\u00ed \u0159idi\u010dsk\u00e9ho pr\u016fkaz. Podm\u00ednky, ve kter\u00fdch se budete u\u010dit ovl\u00e1dat vozidlo, jsou vysok\u00e9 \u00farovni. Ka\u017ed\u00e9 vozidlo je pravideln\u011b odes\u00edl\u00e1no na technick\u00e9 prohl\u00eddky. M\u00e1lokdy u n\u00e1s dojde k n\u011bjak\u00e9 poru\u0161e. \u0160kolitel\u00e9 maj\u00ed odpov\u00eddaj\u00edc\u00ed vzd\u011bl\u00e1n\u00ed a nepostr\u00e1daj\u00ed ani tolik pot\u0159ebnou empatii. Dokonce vlastn\u00edme n\u011bkolik \u0161pi\u010dkov\u00fdch trena\u017e\u00e9r\u016f, ve kter\u00fdch jsou j\u00edzdy tak\u0159ka nerozeznateln\u00e9 od reality. Sta\u0148te se \u010dleny VIP Pro p\u0159\u00edli\u0161 zam\u011bstnan\u00e9 studenty m\u00e1me p\u0159ichystan\u00fd VIP \u00fa\u010det, d\u00edky kter\u00e9mu si mohou osvojovat ovl\u00e1d\u00e1n\u00ed vozidel i v m\u00e9n\u011b obvykl\u00fdch term\u00ednech. Jedn\u00e1 se hlavn\u011b o no\u010dn\u00ed a brzk\u00e9 rann\u00ed hodiny. Tuto mo\u017enost vyu\u017e\u00edvaj\u00ed hlavn\u011b lid\u00e9, kte\u0159\u00ed jsou v pr\u00e1ci od r\u00e1na do ve\u010dera a nemohou se dostavit v b\u011b\u017en\u00fdch hodin\u00e1ch.                                                                                                                                                                                                                                                                                                                                                                                        4\/5 - (1 vote)        "},{"@context":"https:\/\/schema.org\/","@type":"BreadcrumbList","itemListElement":[{"@type":"ListItem","position":1,"name":"Vozov\u00fd park je na skv\u011bl\u00e9 \u00farovni","item":"https:\/\/www.strabis.cz\/vozovy-park-je-na-skvele-urovni\/#breadcrumbitem"}]}]