[{"@context":"https:\/\/schema.org\/","@type":"Article","@id":"https:\/\/www.strabis.cz\/vestavene-skrine-od-firmy-sten\/#Article","mainEntityOfPage":"https:\/\/www.strabis.cz\/vestavene-skrine-od-firmy-sten\/","headline":"Vestav\u011bn\u00e9 sk\u0159\u00edn\u011b od firmy STEN","name":"Vestav\u011bn\u00e9 sk\u0159\u00edn\u011b od firmy STEN","description":"Pokud bydl\u00edte v mal\u00e9m byt\u011b, ur\u010dit\u011b sami moc dob\u0159e v\u00edte jak \u010dasto bojujete s prostorem. St\u011bhujete n\u00e1bytek z m\u00edsta na m\u00edsto, abyste z\u00edskali n\u011bjak\u00fd ten metr na v\u00edc. Nakonec ale zji\u0161\u0165ujete, \u017ee a\u0165 st\u011bhujete, jak st\u011bhujete, jste na tom po\u0159\u00e1d stejn\u011b. Trend velk\u00fdch byt\u016f je pomalu ale jist\u011b nahrazen \u00fatuln\u00fdmi mal\u00fdmi byte\u010dky. M\u00e1 to sv\u00e9 [&hellip;]","datePublished":"2021-11-30","dateModified":"2023-08-18","author":{"@type":"Person","@id":"https:\/\/www.strabis.cz\/author\/#Person","name":"strabis.cz\n","url":"https:\/\/www.strabis.cz\/author\/","identifier":1,"image":{"@type":"ImageObject","@id":"https:\/\/secure.gravatar.com\/avatar\/68b3ed45b3ae6ecdad6bfa25b4077e93536d7764172b2830acbdb661d7242512?s=96&d=mm&r=g","url":"https:\/\/secure.gravatar.com\/avatar\/68b3ed45b3ae6ecdad6bfa25b4077e93536d7764172b2830acbdb661d7242512?s=96&d=mm&r=g","height":96,"width":96}},"publisher":{"@type":"Organization","name":"strabis.cz","logo":{"@type":"ImageObject","@id":"\/logo.png","url":"\/logo.png","width":600,"height":60}},"image":{"@type":"ImageObject","@id":"https:\/\/www.strabis.cz\/wp-content\/uploads\/AdobeStock_253731720.jpeg","url":"https:\/\/www.strabis.cz\/wp-content\/uploads\/AdobeStock_253731720.jpeg","height":0,"width":0},"url":"https:\/\/www.strabis.cz\/vestavene-skrine-od-firmy-sten\/","about":["V\u00fdrobky"],"wordCount":438,"articleBody":"   Pokud bydl\u00edte v mal\u00e9m byt\u011b, ur\u010dit\u011b sami moc dob\u0159e v\u00edte jak \u010dasto bojujete s prostorem. St\u011bhujete n\u00e1bytek z m\u00edsta na m\u00edsto, abyste z\u00edskali n\u011bjak\u00fd ten metr na v\u00edc. Nakonec ale zji\u0161\u0165ujete, \u017ee a\u0165 st\u011bhujete, jak st\u011bhujete, jste na tom po\u0159\u00e1d stejn\u011b.Trend velk\u00fdch byt\u016f je pomalu ale jist\u011b nahrazen \u00fatuln\u00fdmi mal\u00fdmi byte\u010dky. M\u00e1 to sv\u00e9 d\u016fvody. Pokud bydl\u00edte sami nebo s partnerem, je a\u017e p\u0159epych m\u00edt 4+1 byt. Posta\u010d\u00ed V\u00e1m 2+1, n\u011bkdy i 1+kk, jestli\u017ee jste skromn\u00ed. Takov\u00e9 byty a specificky pak ty panel\u00e1kov\u00e9 opravdu nejsou nijak velk\u00e9, tak\u017ee b\u011bhem st\u011bhov\u00e1n\u00ed do takov\u00e9ho to bytu, mus\u00edte po\u010d\u00edtat s t\u00edm, \u017ee vyhod\u00edte v\u00edc v\u011bc\u00ed, ne\u017e obvykle. To se m\u016f\u017ee n\u011bkdy t\u00fdkat i neforemn\u00e9 sk\u0159\u00edn\u011b po babi\u010dce nebo kuchy\u0148sk\u00e9ho stolu, vhodn\u00e9ho pro oslavy o 12 lidech.Efektivn\u00edm \u0159e\u0161en\u00edm je vestav\u011bn\u00fd n\u00e1bytek. Tento n\u00e1bytek nejen, \u017ee V\u00e1m u\u0161et\u0159\u00ed opravdu moc m\u00edsta ale m\u016f\u017ee vypadat i velmi elegantn\u011b a draze, p\u0159esto\u017ee jeho cena byla ni\u017e\u0161\u00ed ne\u017e u b\u011b\u017en\u00e9ho n\u00e1bytku. A pr\u00e1v\u011b firma STEN  je specializovan\u00e1 na nejroz\u0161\u00ed\u0159en\u011bj\u0161\u00ed druh vestav\u011bn\u00e9ho n\u00e1bytku \u2013 sk\u0159\u00edn\u011b.Firma STEN vyr\u00e1b\u00ed vestav\u011bn\u00e9 sk\u0159\u00edn\u011b ji\u017e 20 let a je tak jedna z nejd\u00e9le funguj\u00edc\u00edch prodejc\u016f n\u00e1bytku na m\u00edru. Firma dok\u00e1\u017ee vyhov\u011bt specifick\u00fdm po\u017eadavk\u016fm z\u00e1kazn\u00edka a dok\u00e1\u017ee i pomoct s v\u00fdb\u011brem produktu, aby naplnil o\u010dek\u00e1v\u00e1n\u00ed. Tato firma se tak\u00e9 sna\u017e\u00ed rok co rok inovovat a j\u00edt s nov\u00fdmi trendy. Nap\u0159\u00edklad: p\u0159i\u0161la s n\u00e1padem ohledn\u011b nov\u00fdch v\u00fdpln\u00ed dve\u0159\u00ed, navrhla potisk sklen\u011bn\u00fdch v\u00fdpln\u00ed, tud\u00ed\u017e Va\u0161e rodinn\u00e1 fotka nemus\u00ed ji\u017e nad\u00e1le z\u016fst\u00e1vat jen v albu nebo r\u00e1me\u010dku na Va\u0161em pracovn\u00edm stole.Jak ji\u017e bylo zm\u00edn\u011bno, firma STEN je specialistou na vestav\u011bn\u00e9 sk\u0159\u00edn\u011b, to v\u0161ak nen\u00ed jedin\u00fd n\u00e1bytek, kter\u00fd najdete v jej\u00ed\u017e sortimentu. M\u016f\u017eete se nechat vyrobit na m\u00edru i kuchyn\u011b, \u0161atny, knihovny, no\u010dn\u00ed stolky a nebo i b\u011b\u017en\u00fd st\u016fl, kter\u00fd V\u00e1m bude p\u0159esn\u011b sed\u011bt do toho rohu v kuchyni, kter\u00fd se V\u00e1m zd\u00e1l tak pr\u00e1zdn\u00fd.A\u0165 se rozhodnete pro jak\u00fdkoli vestav\u011bn\u00fd n\u00e1bytek, firma STEN je jasnou volbou!                                                                                                                                                                                                                                                                                                                                                                                          4\/5 - (13 votes)        "},{"@context":"https:\/\/schema.org\/","@type":"BreadcrumbList","itemListElement":[{"@type":"ListItem","position":1,"name":"Vestav\u011bn\u00e9 sk\u0159\u00edn\u011b od firmy STEN","item":"https:\/\/www.strabis.cz\/vestavene-skrine-od-firmy-sten\/#breadcrumbitem"}]}]