[{"@context":"https:\/\/schema.org\/","@type":"Blog","@id":"https:\/\/www.strabis.cz#Blog","headline":"Strabis","description":"\nKolikr\u00e1t u\u017e by to \u010dlov\u011bk nejrad\u011bji vzdal! Ale pokud naraz\u00ed na web jako je ten n\u00e1\u0161, je v\u0161echno jinak. Tady ka\u017ed\u00fd z\u00e1hy pozn\u00e1, \u017ee v\u00fdchodisko z nouze se v\u017edy najde.","url":"https:\/\/www.strabis.cz","hasPart":[{"@type":"Article","@id":"https:\/\/www.strabis.cz\/vozovy-park-je-na-skvele-urovni\/","headline":"Vozov\u00fd park je na skv\u011bl\u00e9 \u00farovni","url":"https:\/\/www.strabis.cz\/vozovy-park-je-na-skvele-urovni\/","datePublished":"2025-03-07","dateModified":"2025-03-07","mainEntityOfPage":"https:\/\/www.strabis.cz\/vozovy-park-je-na-skvele-urovni\/","author":{"@type":"Person","@id":"https:\/\/www.strabis.cz\/author\/#Person","name":"strabis.cz\n","url":"https:\/\/www.strabis.cz\/author\/","identifier":1,"image":{"@type":"ImageObject","@id":"https:\/\/secure.gravatar.com\/avatar\/68b3ed45b3ae6ecdad6bfa25b4077e93536d7764172b2830acbdb661d7242512?s=96&d=mm&r=g","url":"https:\/\/secure.gravatar.com\/avatar\/68b3ed45b3ae6ecdad6bfa25b4077e93536d7764172b2830acbdb661d7242512?s=96&d=mm&r=g","height":96,"width":96}},"publisher":{"@type":"Organization","name":"strabis.cz","logo":{"@type":"ImageObject","@id":"\/logo.png","url":"\/logo.png","width":600,"height":60}},"image":null,"wordCount":229,"keywords":null},{"@type":"Article","@id":"https:\/\/www.strabis.cz\/nechat-se-vydrzovat-od-zeny\/","headline":"Nechat se vydr\u017eovat od \u017eeny?","url":"https:\/\/www.strabis.cz\/nechat-se-vydrzovat-od-zeny\/","datePublished":"2025-02-24","dateModified":"2023-05-03","mainEntityOfPage":"https:\/\/www.strabis.cz\/nechat-se-vydrzovat-od-zeny\/","author":{"@type":"Person","@id":"https:\/\/www.strabis.cz\/author\/#Person","name":"strabis.cz\n","url":"https:\/\/www.strabis.cz\/author\/","identifier":1,"image":{"@type":"ImageObject","@id":"https:\/\/secure.gravatar.com\/avatar\/68b3ed45b3ae6ecdad6bfa25b4077e93536d7764172b2830acbdb661d7242512?s=96&d=mm&r=g","url":"https:\/\/secure.gravatar.com\/avatar\/68b3ed45b3ae6ecdad6bfa25b4077e93536d7764172b2830acbdb661d7242512?s=96&d=mm&r=g","height":96,"width":96}},"publisher":{"@type":"Organization","name":"strabis.cz","logo":{"@type":"ImageObject","@id":"\/logo.png","url":"\/logo.png","width":600,"height":60}},"image":{"@type":"ImageObject","@id":"https:\/\/www.strabis.cz\/wp-content\/uploads\/img_a312366_w2388_t1523345714.jpg","url":"https:\/\/www.strabis.cz\/wp-content\/uploads\/img_a312366_w2388_t1523345714.jpg","height":0,"width":0},"wordCount":587,"keywords":null},{"@type":"Article","@id":"https:\/\/www.strabis.cz\/jak-a-kde-si-uzit-online-sportovni-prenosy\/","headline":"Jak a kde si u\u017e\u00edt online sportovn\u00ed p\u0159enosy?","url":"https:\/\/www.strabis.cz\/jak-a-kde-si-uzit-online-sportovni-prenosy\/","datePublished":"2025-02-24","dateModified":"2023-05-03","mainEntityOfPage":"https:\/\/www.strabis.cz\/jak-a-kde-si-uzit-online-sportovni-prenosy\/","author":{"@type":"Person","@id":"https:\/\/www.strabis.cz\/author\/#Person","name":"strabis.cz\n","url":"https:\/\/www.strabis.cz\/author\/","identifier":1,"image":{"@type":"ImageObject","@id":"https:\/\/secure.gravatar.com\/avatar\/68b3ed45b3ae6ecdad6bfa25b4077e93536d7764172b2830acbdb661d7242512?s=96&d=mm&r=g","url":"https:\/\/secure.gravatar.com\/avatar\/68b3ed45b3ae6ecdad6bfa25b4077e93536d7764172b2830acbdb661d7242512?s=96&d=mm&r=g","height":96,"width":96}},"publisher":{"@type":"Organization","name":"strabis.cz","logo":{"@type":"ImageObject","@id":"\/logo.png","url":"\/logo.png","width":600,"height":60}},"image":{"@type":"ImageObject","@id":"https:\/\/www.strabis.cz\/wp-content\/uploads\/img_a299587_w2388_t1509481214.jpg","url":"https:\/\/www.strabis.cz\/wp-content\/uploads\/img_a299587_w2388_t1509481214.jpg","height":0,"width":0},"wordCount":526,"keywords":null},{"@type":"Article","@id":"https:\/\/www.strabis.cz\/chcete-zabavit-sveho-psa-naucte-ho-tahat\/","headline":"Chcete zabavit sv\u00e9ho psa? Nau\u010dte ho tahat","url":"https:\/\/www.strabis.cz\/chcete-zabavit-sveho-psa-naucte-ho-tahat\/","datePublished":"2025-02-23","dateModified":"2023-05-03","mainEntityOfPage":"https:\/\/www.strabis.cz\/chcete-zabavit-sveho-psa-naucte-ho-tahat\/","author":{"@type":"Person","@id":"https:\/\/www.strabis.cz\/author\/#Person","name":"strabis.cz\n","url":"https:\/\/www.strabis.cz\/author\/","identifier":1,"image":{"@type":"ImageObject","@id":"https:\/\/secure.gravatar.com\/avatar\/68b3ed45b3ae6ecdad6bfa25b4077e93536d7764172b2830acbdb661d7242512?s=96&d=mm&r=g","url":"https:\/\/secure.gravatar.com\/avatar\/68b3ed45b3ae6ecdad6bfa25b4077e93536d7764172b2830acbdb661d7242512?s=96&d=mm&r=g","height":96,"width":96}},"publisher":{"@type":"Organization","name":"strabis.cz","logo":{"@type":"ImageObject","@id":"\/logo.png","url":"\/logo.png","width":600,"height":60}},"image":{"@type":"ImageObject","@id":"https:\/\/www.strabis.cz\/wp-content\/uploads\/img_a328360_w2388_t1540666469.jpg","url":"https:\/\/www.strabis.cz\/wp-content\/uploads\/img_a328360_w2388_t1540666469.jpg","height":0,"width":0},"wordCount":4696,"keywords":null},{"@type":"Article","@id":"https:\/\/www.strabis.cz\/osobni-zalezitost-jmenem-kojeni\/","headline":"Osobn\u00ed z\u00e1le\u017eitost jm\u00e9nem KOJEN\u00cd","url":"https:\/\/www.strabis.cz\/osobni-zalezitost-jmenem-kojeni\/","datePublished":"2025-02-23","dateModified":"2023-05-03","mainEntityOfPage":"https:\/\/www.strabis.cz\/osobni-zalezitost-jmenem-kojeni\/","author":{"@type":"Person","@id":"https:\/\/www.strabis.cz\/author\/#Person","name":"strabis.cz\n","url":"https:\/\/www.strabis.cz\/author\/","identifier":1,"image":{"@type":"ImageObject","@id":"https:\/\/secure.gravatar.com\/avatar\/68b3ed45b3ae6ecdad6bfa25b4077e93536d7764172b2830acbdb661d7242512?s=96&d=mm&r=g","url":"https:\/\/secure.gravatar.com\/avatar\/68b3ed45b3ae6ecdad6bfa25b4077e93536d7764172b2830acbdb661d7242512?s=96&d=mm&r=g","height":96,"width":96}},"publisher":{"@type":"Organization","name":"strabis.cz","logo":{"@type":"ImageObject","@id":"\/logo.png","url":"\/logo.png","width":600,"height":60}},"image":{"@type":"ImageObject","@id":"https:\/\/www.strabis.cz\/wp-content\/uploads\/img_a307459_w2388_t1518723272.jpg","url":"https:\/\/www.strabis.cz\/wp-content\/uploads\/img_a307459_w2388_t1518723272.jpg","height":0,"width":0},"wordCount":667,"keywords":null},{"@type":"Article","@id":"https:\/\/www.strabis.cz\/future-gate-sci-fi-film-festival\/","headline":"Future Gate Sci-fi Film Festival","url":"https:\/\/www.strabis.cz\/future-gate-sci-fi-film-festival\/","datePublished":"2025-02-23","dateModified":"2023-05-03","mainEntityOfPage":"https:\/\/www.strabis.cz\/future-gate-sci-fi-film-festival\/","author":{"@type":"Person","@id":"https:\/\/www.strabis.cz\/author\/#Person","name":"strabis.cz\n","url":"https:\/\/www.strabis.cz\/author\/","identifier":1,"image":{"@type":"ImageObject","@id":"https:\/\/secure.gravatar.com\/avatar\/68b3ed45b3ae6ecdad6bfa25b4077e93536d7764172b2830acbdb661d7242512?s=96&d=mm&r=g","url":"https:\/\/secure.gravatar.com\/avatar\/68b3ed45b3ae6ecdad6bfa25b4077e93536d7764172b2830acbdb661d7242512?s=96&d=mm&r=g","height":96,"width":96}},"publisher":{"@type":"Organization","name":"strabis.cz","logo":{"@type":"ImageObject","@id":"\/logo.png","url":"\/logo.png","width":600,"height":60}},"image":{"@type":"ImageObject","@id":"https:\/\/www.strabis.cz\/wp-content\/uploads\/img_a307584_w2388_t1518813905.jpg","url":"https:\/\/www.strabis.cz\/wp-content\/uploads\/img_a307584_w2388_t1518813905.jpg","height":0,"width":0},"wordCount":501,"keywords":null},{"@type":"Article","@id":"https:\/\/www.strabis.cz\/utecte-pred-vedrem\/","headline":"Ute\u010dte p\u0159ed vedrem","url":"https:\/\/www.strabis.cz\/utecte-pred-vedrem\/","datePublished":"2025-02-22","dateModified":"2023-05-03","mainEntityOfPage":"https:\/\/www.strabis.cz\/utecte-pred-vedrem\/","author":{"@type":"Person","@id":"https:\/\/www.strabis.cz\/author\/#Person","name":"strabis.cz\n","url":"https:\/\/www.strabis.cz\/author\/","identifier":1,"image":{"@type":"ImageObject","@id":"https:\/\/secure.gravatar.com\/avatar\/68b3ed45b3ae6ecdad6bfa25b4077e93536d7764172b2830acbdb661d7242512?s=96&d=mm&r=g","url":"https:\/\/secure.gravatar.com\/avatar\/68b3ed45b3ae6ecdad6bfa25b4077e93536d7764172b2830acbdb661d7242512?s=96&d=mm&r=g","height":96,"width":96}},"publisher":{"@type":"Organization","name":"strabis.cz","logo":{"@type":"ImageObject","@id":"\/logo.png","url":"\/logo.png","width":600,"height":60}},"image":{"@type":"ImageObject","@id":"https:\/\/www.strabis.cz\/wp-content\/uploads\/img_a302908_w2009_t1512924899.jpg","url":"https:\/\/www.strabis.cz\/wp-content\/uploads\/img_a302908_w2009_t1512924899.jpg","height":0,"width":0},"wordCount":455,"keywords":null},{"@type":"Article","@id":"https:\/\/www.strabis.cz\/za-jakou-vlast-a-svobodu-bojuje-ve-valce-delfin\/","headline":"Za jakou vlast a svobodu bojuje ve v\u00e1lce delf\u00edn?","url":"https:\/\/www.strabis.cz\/za-jakou-vlast-a-svobodu-bojuje-ve-valce-delfin\/","datePublished":"2025-02-22","dateModified":"2023-05-03","mainEntityOfPage":"https:\/\/www.strabis.cz\/za-jakou-vlast-a-svobodu-bojuje-ve-valce-delfin\/","author":{"@type":"Person","@id":"https:\/\/www.strabis.cz\/author\/#Person","name":"strabis.cz\n","url":"https:\/\/www.strabis.cz\/author\/","identifier":1,"image":{"@type":"ImageObject","@id":"https:\/\/secure.gravatar.com\/avatar\/68b3ed45b3ae6ecdad6bfa25b4077e93536d7764172b2830acbdb661d7242512?s=96&d=mm&r=g","url":"https:\/\/secure.gravatar.com\/avatar\/68b3ed45b3ae6ecdad6bfa25b4077e93536d7764172b2830acbdb661d7242512?s=96&d=mm&r=g","height":96,"width":96}},"publisher":{"@type":"Organization","name":"strabis.cz","logo":{"@type":"ImageObject","@id":"\/logo.png","url":"\/logo.png","width":600,"height":60}},"image":{"@type":"ImageObject","@id":"https:\/\/www.strabis.cz\/wp-content\/uploads\/img_a309412_w2388_t1520329440.jpg","url":"https:\/\/www.strabis.cz\/wp-content\/uploads\/img_a309412_w2388_t1520329440.jpg","height":0,"width":0},"wordCount":529,"keywords":null},{"@type":"Article","@id":"https:\/\/www.strabis.cz\/abyste-byli-v-obraze\/","headline":"Abyste byli v obraze","url":"https:\/\/www.strabis.cz\/abyste-byli-v-obraze\/","datePublished":"2025-02-22","dateModified":"2023-05-03","mainEntityOfPage":"https:\/\/www.strabis.cz\/abyste-byli-v-obraze\/","author":{"@type":"Person","@id":"https:\/\/www.strabis.cz\/author\/#Person","name":"strabis.cz\n","url":"https:\/\/www.strabis.cz\/author\/","identifier":1,"image":{"@type":"ImageObject","@id":"https:\/\/secure.gravatar.com\/avatar\/68b3ed45b3ae6ecdad6bfa25b4077e93536d7764172b2830acbdb661d7242512?s=96&d=mm&r=g","url":"https:\/\/secure.gravatar.com\/avatar\/68b3ed45b3ae6ecdad6bfa25b4077e93536d7764172b2830acbdb661d7242512?s=96&d=mm&r=g","height":96,"width":96}},"publisher":{"@type":"Organization","name":"strabis.cz","logo":{"@type":"ImageObject","@id":"\/logo.png","url":"\/logo.png","width":600,"height":60}},"image":{"@type":"ImageObject","@id":"https:\/\/www.strabis.cz\/wp-content\/uploads\/img_a308773_w2388_t1519831382.jpg","url":"https:\/\/www.strabis.cz\/wp-content\/uploads\/img_a308773_w2388_t1519831382.jpg","height":0,"width":0},"wordCount":2398,"keywords":null},{"@type":"Article","@id":"https:\/\/www.strabis.cz\/kazda-zena-si-preje-byt-krasna-a-stihla\/","headline":"Ka\u017ed\u00e1 \u017eena si p\u0159eje b\u00fdt kr\u00e1sn\u00e1 a \u0161t\u00edhl\u00e1","url":"https:\/\/www.strabis.cz\/kazda-zena-si-preje-byt-krasna-a-stihla\/","datePublished":"2025-02-22","dateModified":"2023-05-03","mainEntityOfPage":"https:\/\/www.strabis.cz\/kazda-zena-si-preje-byt-krasna-a-stihla\/","author":{"@type":"Person","@id":"https:\/\/www.strabis.cz\/author\/#Person","name":"strabis.cz\n","url":"https:\/\/www.strabis.cz\/author\/","identifier":1,"image":{"@type":"ImageObject","@id":"https:\/\/secure.gravatar.com\/avatar\/68b3ed45b3ae6ecdad6bfa25b4077e93536d7764172b2830acbdb661d7242512?s=96&d=mm&r=g","url":"https:\/\/secure.gravatar.com\/avatar\/68b3ed45b3ae6ecdad6bfa25b4077e93536d7764172b2830acbdb661d7242512?s=96&d=mm&r=g","height":96,"width":96}},"publisher":{"@type":"Organization","name":"strabis.cz","logo":{"@type":"ImageObject","@id":"\/logo.png","url":"\/logo.png","width":600,"height":60}},"image":{"@type":"ImageObject","@id":"https:\/\/www.strabis.cz\/wp-content\/uploads\/img_a300819_w2388_t1510861011.jpg","url":"https:\/\/www.strabis.cz\/wp-content\/uploads\/img_a300819_w2388_t1510861011.jpg","height":0,"width":0},"wordCount":530,"keywords":null}]},{"@context":"https:\/\/schema.org","@type":"WebSite","@id":"https:\/\/www.strabis.cz\/#website","name":"Strabis","url":"https:\/\/www.strabis.cz","potentialAction":{"@type":"SearchAction","target":"https:\/\/www.strabis.cz\/?s={search_term_string}","query-input":"required name=search_term_string"}}]