[{"@context":"https:\/\/schema.org\/","@type":"Blog","@id":"https:\/\/www.strabis.cz#Blog","headline":"Strabis","description":"\nKolikr\u00e1t u\u017e by to \u010dlov\u011bk nejrad\u011bji vzdal! Ale pokud naraz\u00ed na web jako je ten n\u00e1\u0161, je v\u0161echno jinak. Tady ka\u017ed\u00fd z\u00e1hy pozn\u00e1, \u017ee v\u00fdchodisko z nouze se v\u017edy najde.","url":"https:\/\/www.strabis.cz","hasPart":[{"@type":"Article","@id":"https:\/\/www.strabis.cz\/pro-snesitelnejsi-leta\/","headline":"Pro snesiteln\u011bj\u0161\u00ed l\u00e9ta","url":"https:\/\/www.strabis.cz\/pro-snesitelnejsi-leta\/","datePublished":"2020-12-13","dateModified":"2023-05-03","mainEntityOfPage":"https:\/\/www.strabis.cz\/pro-snesitelnejsi-leta\/","author":{"@type":"Person","@id":"https:\/\/www.strabis.cz\/author\/#Person","name":"strabis.cz\n","url":"https:\/\/www.strabis.cz\/author\/","identifier":1,"image":{"@type":"ImageObject","@id":"https:\/\/secure.gravatar.com\/avatar\/68b3ed45b3ae6ecdad6bfa25b4077e93536d7764172b2830acbdb661d7242512?s=96&d=mm&r=g","url":"https:\/\/secure.gravatar.com\/avatar\/68b3ed45b3ae6ecdad6bfa25b4077e93536d7764172b2830acbdb661d7242512?s=96&d=mm&r=g","height":96,"width":96}},"publisher":{"@type":"Organization","name":"strabis.cz","logo":{"@type":"ImageObject","@id":"\/logo.png","url":"\/logo.png","width":600,"height":60}},"image":{"@type":"ImageObject","@id":"https:\/\/www.strabis.cz\/wp-content\/uploads\/Klimatizace%20na%20dom%C4%9B_3.jpg","url":"https:\/\/www.strabis.cz\/wp-content\/uploads\/Klimatizace%20na%20dom%C4%9B_3.jpg","height":0,"width":0},"wordCount":637,"keywords":null},{"@type":"Article","@id":"https:\/\/www.strabis.cz\/kde-vzit-penize\/","headline":"Kde vz\u00edt pen\u00edze?","url":"https:\/\/www.strabis.cz\/kde-vzit-penize\/","datePublished":"2020-11-16","dateModified":"2020-11-16","mainEntityOfPage":"https:\/\/www.strabis.cz\/kde-vzit-penize\/","author":{"@type":"Person","@id":"https:\/\/www.strabis.cz\/author\/#Person","name":"strabis.cz\n","url":"https:\/\/www.strabis.cz\/author\/","identifier":1,"image":{"@type":"ImageObject","@id":"https:\/\/secure.gravatar.com\/avatar\/68b3ed45b3ae6ecdad6bfa25b4077e93536d7764172b2830acbdb661d7242512?s=96&d=mm&r=g","url":"https:\/\/secure.gravatar.com\/avatar\/68b3ed45b3ae6ecdad6bfa25b4077e93536d7764172b2830acbdb661d7242512?s=96&d=mm&r=g","height":96,"width":96}},"publisher":{"@type":"Organization","name":"strabis.cz","logo":{"@type":"ImageObject","@id":"\/logo.png","url":"\/logo.png","width":600,"height":60}},"image":{"@type":"ImageObject","@id":"https:\/\/www.strabis.cz\/wp-content\/uploads\/le%C5%BE%C3%ADc%C3%AD%20centy.jpg","url":"https:\/\/www.strabis.cz\/wp-content\/uploads\/le%C5%BE%C3%ADc%C3%AD%20centy.jpg","height":0,"width":0},"wordCount":635,"keywords":null},{"@type":"Article","@id":"https:\/\/www.strabis.cz\/stava-z-cerneho-bezu\/","headline":"\u0160\u0165\u00e1va z \u010dern\u00e9ho bezu","url":"https:\/\/www.strabis.cz\/stava-z-cerneho-bezu\/","datePublished":"2020-11-16","dateModified":"2023-05-03","mainEntityOfPage":"https:\/\/www.strabis.cz\/stava-z-cerneho-bezu\/","author":{"@type":"Person","@id":"https:\/\/www.strabis.cz\/author\/#Person","name":"strabis.cz\n","url":"https:\/\/www.strabis.cz\/author\/","identifier":1,"image":{"@type":"ImageObject","@id":"https:\/\/secure.gravatar.com\/avatar\/68b3ed45b3ae6ecdad6bfa25b4077e93536d7764172b2830acbdb661d7242512?s=96&d=mm&r=g","url":"https:\/\/secure.gravatar.com\/avatar\/68b3ed45b3ae6ecdad6bfa25b4077e93536d7764172b2830acbdb661d7242512?s=96&d=mm&r=g","height":96,"width":96}},"publisher":{"@type":"Organization","name":"strabis.cz","logo":{"@type":"ImageObject","@id":"\/logo.png","url":"\/logo.png","width":600,"height":60}},"image":{"@type":"ImageObject","@id":"https:\/\/www.strabis.cz\/wp-content\/uploads\/zdrav%C3%BD%20bez.png","url":"https:\/\/www.strabis.cz\/wp-content\/uploads\/zdrav%C3%BD%20bez.png","height":0,"width":0},"wordCount":720,"keywords":null},{"@type":"Article","@id":"https:\/\/www.strabis.cz\/odvoz-vaseho-vozu-je-nyni-hracka\/","headline":"Odvoz va\u0161eho vozu je nyn\u00ed hra\u010dka","url":"https:\/\/www.strabis.cz\/odvoz-vaseho-vozu-je-nyni-hracka\/","datePublished":"2020-11-15","dateModified":"2023-08-21","mainEntityOfPage":"https:\/\/www.strabis.cz\/odvoz-vaseho-vozu-je-nyni-hracka\/","author":{"@type":"Person","@id":"https:\/\/www.strabis.cz\/author\/#Person","name":"strabis.cz\n","url":"https:\/\/www.strabis.cz\/author\/","identifier":1,"image":{"@type":"ImageObject","@id":"https:\/\/secure.gravatar.com\/avatar\/68b3ed45b3ae6ecdad6bfa25b4077e93536d7764172b2830acbdb661d7242512?s=96&d=mm&r=g","url":"https:\/\/secure.gravatar.com\/avatar\/68b3ed45b3ae6ecdad6bfa25b4077e93536d7764172b2830acbdb661d7242512?s=96&d=mm&r=g","height":96,"width":96}},"publisher":{"@type":"Organization","name":"strabis.cz","logo":{"@type":"ImageObject","@id":"\/logo.png","url":"\/logo.png","width":600,"height":60}},"image":{"@type":"ImageObject","@id":"https:\/\/www.strabis.cz\/wp-content\/uploads\/odvoz.jpg","url":"https:\/\/www.strabis.cz\/wp-content\/uploads\/odvoz.jpg","height":0,"width":0},"wordCount":576,"keywords":null},{"@type":"Article","@id":"https:\/\/www.strabis.cz\/vyroba-presnych-der\/","headline":"V\u00fdroba p\u0159esn\u00fdch d\u011br","url":"https:\/\/www.strabis.cz\/vyroba-presnych-der\/","datePublished":"2020-10-23","dateModified":"2023-05-03","mainEntityOfPage":"https:\/\/www.strabis.cz\/vyroba-presnych-der\/","author":{"@type":"Person","@id":"https:\/\/www.strabis.cz\/author\/#Person","name":"strabis.cz\n","url":"https:\/\/www.strabis.cz\/author\/","identifier":1,"image":{"@type":"ImageObject","@id":"https:\/\/secure.gravatar.com\/avatar\/68b3ed45b3ae6ecdad6bfa25b4077e93536d7764172b2830acbdb661d7242512?s=96&d=mm&r=g","url":"https:\/\/secure.gravatar.com\/avatar\/68b3ed45b3ae6ecdad6bfa25b4077e93536d7764172b2830acbdb661d7242512?s=96&d=mm&r=g","height":96,"width":96}},"publisher":{"@type":"Organization","name":"strabis.cz","logo":{"@type":"ImageObject","@id":"\/logo.png","url":"\/logo.png","width":600,"height":60}},"image":{"@type":"ImageObject","@id":"https:\/\/www.strabis.cz\/wp-content\/uploads\/d%C3%ADry%20v%20kovu.jpg","url":"https:\/\/www.strabis.cz\/wp-content\/uploads\/d%C3%ADry%20v%20kovu.jpg","height":0,"width":0},"wordCount":691,"keywords":null},{"@type":"Article","@id":"https:\/\/www.strabis.cz\/masaz-ktera-posili-a-soucasne-i-zachrani-vas-vztah\/","headline":"Mas\u00e1\u017e, kter\u00e1 pos\u00edl\u00ed a sou\u010dasn\u011b i zachr\u00e1n\u00ed v\u00e1\u0161 vztah","url":"https:\/\/www.strabis.cz\/masaz-ktera-posili-a-soucasne-i-zachrani-vas-vztah\/","datePublished":"2020-10-19","dateModified":"2023-05-03","mainEntityOfPage":"https:\/\/www.strabis.cz\/masaz-ktera-posili-a-soucasne-i-zachrani-vas-vztah\/","author":{"@type":"Person","@id":"https:\/\/www.strabis.cz\/author\/#Person","name":"strabis.cz\n","url":"https:\/\/www.strabis.cz\/author\/","identifier":1,"image":{"@type":"ImageObject","@id":"https:\/\/secure.gravatar.com\/avatar\/68b3ed45b3ae6ecdad6bfa25b4077e93536d7764172b2830acbdb661d7242512?s=96&d=mm&r=g","url":"https:\/\/secure.gravatar.com\/avatar\/68b3ed45b3ae6ecdad6bfa25b4077e93536d7764172b2830acbdb661d7242512?s=96&d=mm&r=g","height":96,"width":96}},"publisher":{"@type":"Organization","name":"strabis.cz","logo":{"@type":"ImageObject","@id":"\/logo.png","url":"\/logo.png","width":600,"height":60}},"image":{"@type":"ImageObject","@id":"https:\/\/www.strabis.cz\/wp-content\/uploads\/cedule%20pohlav%C3%AD.jpg","url":"https:\/\/www.strabis.cz\/wp-content\/uploads\/cedule%20pohlav%C3%AD.jpg","height":0,"width":0},"wordCount":689,"keywords":null},{"@type":"Article","@id":"https:\/\/www.strabis.cz\/bublinkova-folie-vas-skvely-pomocnik\/","headline":"Bublinkov\u00e1 folie &#8211; v\u00e1\u0161 skv\u011bl\u00fd pomocn\u00edk!","url":"https:\/\/www.strabis.cz\/bublinkova-folie-vas-skvely-pomocnik\/","datePublished":"2020-09-15","dateModified":"2023-05-03","mainEntityOfPage":"https:\/\/www.strabis.cz\/bublinkova-folie-vas-skvely-pomocnik\/","author":{"@type":"Person","@id":"https:\/\/www.strabis.cz\/author\/#Person","name":"strabis.cz\n","url":"https:\/\/www.strabis.cz\/author\/","identifier":1,"image":{"@type":"ImageObject","@id":"https:\/\/secure.gravatar.com\/avatar\/68b3ed45b3ae6ecdad6bfa25b4077e93536d7764172b2830acbdb661d7242512?s=96&d=mm&r=g","url":"https:\/\/secure.gravatar.com\/avatar\/68b3ed45b3ae6ecdad6bfa25b4077e93536d7764172b2830acbdb661d7242512?s=96&d=mm&r=g","height":96,"width":96}},"publisher":{"@type":"Organization","name":"strabis.cz","logo":{"@type":"ImageObject","@id":"\/logo.png","url":"\/logo.png","width":600,"height":60}},"image":{"@type":"ImageObject","@id":"https:\/\/www.strabis.cz\/wp-content\/uploads\/scissors-1986599_960_720.jpg","url":"https:\/\/www.strabis.cz\/wp-content\/uploads\/scissors-1986599_960_720.jpg","height":0,"width":0},"wordCount":656,"keywords":null},{"@type":"Article","@id":"https:\/\/www.strabis.cz\/rozhodnuti-je-vzdy-na-jedinci\/","headline":"Rozhodnut\u00ed je v\u017edy na jedinci","url":"https:\/\/www.strabis.cz\/rozhodnuti-je-vzdy-na-jedinci\/","datePublished":"2020-05-15","dateModified":"2024-03-27","mainEntityOfPage":"https:\/\/www.strabis.cz\/rozhodnuti-je-vzdy-na-jedinci\/","author":{"@type":"Person","@id":"https:\/\/www.strabis.cz\/author\/#Person","name":"strabis.cz\n","url":"https:\/\/www.strabis.cz\/author\/","identifier":1,"image":{"@type":"ImageObject","@id":"https:\/\/secure.gravatar.com\/avatar\/68b3ed45b3ae6ecdad6bfa25b4077e93536d7764172b2830acbdb661d7242512?s=96&d=mm&r=g","url":"https:\/\/secure.gravatar.com\/avatar\/68b3ed45b3ae6ecdad6bfa25b4077e93536d7764172b2830acbdb661d7242512?s=96&d=mm&r=g","height":96,"width":96}},"publisher":{"@type":"Organization","name":"strabis.cz","logo":{"@type":"ImageObject","@id":"\/logo.png","url":"\/logo.png","width":600,"height":60}},"image":{"@type":"ImageObject","@id":"https:\/\/www.strabis.cz\/wp-content\/uploads\/j%C3%ADdlo.jpg","url":"https:\/\/www.strabis.cz\/wp-content\/uploads\/j%C3%ADdlo.jpg","height":0,"width":0},"wordCount":606,"keywords":null},{"@type":"Article","@id":"https:\/\/www.strabis.cz\/tipy-ktere-dovedou-kazdou-zahradu-k-dokonalosti\/","headline":"Tipy, kter\u00e9 dovedou ka\u017edou zahradu k dokonalosti","url":"https:\/\/www.strabis.cz\/tipy-ktere-dovedou-kazdou-zahradu-k-dokonalosti\/","datePublished":"2020-04-12","dateModified":"2023-05-03","mainEntityOfPage":"https:\/\/www.strabis.cz\/tipy-ktere-dovedou-kazdou-zahradu-k-dokonalosti\/","author":{"@type":"Person","@id":"https:\/\/www.strabis.cz\/author\/#Person","name":"strabis.cz\n","url":"https:\/\/www.strabis.cz\/author\/","identifier":1,"image":{"@type":"ImageObject","@id":"https:\/\/secure.gravatar.com\/avatar\/68b3ed45b3ae6ecdad6bfa25b4077e93536d7764172b2830acbdb661d7242512?s=96&d=mm&r=g","url":"https:\/\/secure.gravatar.com\/avatar\/68b3ed45b3ae6ecdad6bfa25b4077e93536d7764172b2830acbdb661d7242512?s=96&d=mm&r=g","height":96,"width":96}},"publisher":{"@type":"Organization","name":"strabis.cz","logo":{"@type":"ImageObject","@id":"\/logo.png","url":"\/logo.png","width":600,"height":60}},"image":{"@type":"ImageObject","@id":"https:\/\/www.strabis.cz\/wp-content\/uploads\/udr%C5%BEovan%C3%A1%20zahrada.jpg","url":"https:\/\/www.strabis.cz\/wp-content\/uploads\/udr%C5%BEovan%C3%A1%20zahrada.jpg","height":0,"width":0},"wordCount":644,"keywords":null},{"@type":"Article","@id":"https:\/\/www.strabis.cz\/kde-a-jak-si-pujcit\/","headline":"Kde a jak si p\u016fj\u010dit?","url":"https:\/\/www.strabis.cz\/kde-a-jak-si-pujcit\/","datePublished":"2020-03-17","dateModified":"2023-05-03","mainEntityOfPage":"https:\/\/www.strabis.cz\/kde-a-jak-si-pujcit\/","author":{"@type":"Person","@id":"https:\/\/www.strabis.cz\/author\/#Person","name":"strabis.cz\n","url":"https:\/\/www.strabis.cz\/author\/","identifier":1,"image":{"@type":"ImageObject","@id":"https:\/\/secure.gravatar.com\/avatar\/68b3ed45b3ae6ecdad6bfa25b4077e93536d7764172b2830acbdb661d7242512?s=96&d=mm&r=g","url":"https:\/\/secure.gravatar.com\/avatar\/68b3ed45b3ae6ecdad6bfa25b4077e93536d7764172b2830acbdb661d7242512?s=96&d=mm&r=g","height":96,"width":96}},"publisher":{"@type":"Organization","name":"strabis.cz","logo":{"@type":"ImageObject","@id":"\/logo.png","url":"\/logo.png","width":600,"height":60}},"image":{"@type":"ImageObject","@id":"https:\/\/www.strabis.cz\/wp-content\/uploads\/pras%C3%A1tko%20s%20mincemi_1.jpg","url":"https:\/\/www.strabis.cz\/wp-content\/uploads\/pras%C3%A1tko%20s%20mincemi_1.jpg","height":0,"width":0},"wordCount":664,"keywords":null}]},{"@context":"https:\/\/schema.org","@type":"WebSite","@id":"https:\/\/www.strabis.cz\/#website","name":"Strabis","url":"https:\/\/www.strabis.cz","potentialAction":{"@type":"SearchAction","target":"https:\/\/www.strabis.cz\/?s={search_term_string}","query-input":"required name=search_term_string"}}]