[{"@context":"https:\/\/schema.org\/","@type":"Article","@id":"https:\/\/www.strabis.cz\/osobni-zalezitost-jmenem-kojeni\/#Article","mainEntityOfPage":"https:\/\/www.strabis.cz\/osobni-zalezitost-jmenem-kojeni\/","headline":"Osobn\u00ed z\u00e1le\u017eitost jm\u00e9nem KOJEN\u00cd","name":"Osobn\u00ed z\u00e1le\u017eitost jm\u00e9nem KOJEN\u00cd","description":"Pokud jste pr\u00e1v\u011b t\u011bhotn\u00e1, nebo u\u017e m\u00e1te po porodu t\u00e9ma kojen\u00ed\u00a0je na hlavn\u00edm programu dne. Kojen\u00ed sebou p\u0159in\u00e1\u0161\u00ed mno\u017estv\u00ed n\u00e1zor\u016f a poznatku, ale v posledn\u00edch letech i obrovsk\u00fd z\u00e1jem v\u0161ech, kte\u0159\u00ed s v\u00e1mi prohod\u00ed n\u011bkolik slov ohledn\u011b va\u0161eho d\u00edt\u011bte. U\u017e to zdaleka nen\u00ed pouto jen mezi v\u00e1mi a va\u0161\u00edm d\u00edt\u011btem, co je prakticky jen na [&hellip;]","datePublished":"2025-02-23","dateModified":"2023-05-03","author":{"@type":"Person","@id":"https:\/\/www.strabis.cz\/author\/#Person","name":"strabis.cz\n","url":"https:\/\/www.strabis.cz\/author\/","identifier":1,"image":{"@type":"ImageObject","@id":"https:\/\/secure.gravatar.com\/avatar\/68b3ed45b3ae6ecdad6bfa25b4077e93536d7764172b2830acbdb661d7242512?s=96&d=mm&r=g","url":"https:\/\/secure.gravatar.com\/avatar\/68b3ed45b3ae6ecdad6bfa25b4077e93536d7764172b2830acbdb661d7242512?s=96&d=mm&r=g","height":96,"width":96}},"publisher":{"@type":"Organization","name":"strabis.cz","logo":{"@type":"ImageObject","@id":"\/logo.png","url":"\/logo.png","width":600,"height":60}},"image":{"@type":"ImageObject","@id":"https:\/\/www.strabis.cz\/wp-content\/uploads\/img_a307459_w2388_t1518723272.jpg","url":"https:\/\/www.strabis.cz\/wp-content\/uploads\/img_a307459_w2388_t1518723272.jpg","height":0,"width":0},"url":"https:\/\/www.strabis.cz\/osobni-zalezitost-jmenem-kojeni\/","about":["D\u011bti"],"wordCount":555,"articleBody":"Pokud jste pr\u00e1v\u011b t\u011bhotn\u00e1, nebo u\u017e m\u00e1te po porodu t\u00e9ma kojen\u00ed\u00a0je na hlavn\u00edm programu dne. Kojen\u00ed sebou p\u0159in\u00e1\u0161\u00ed mno\u017estv\u00ed n\u00e1zor\u016f a poznatku, ale v posledn\u00edch letech i obrovsk\u00fd z\u00e1jem v\u0161ech, kte\u0159\u00ed s v\u00e1mi prohod\u00ed n\u011bkolik slov ohledn\u011b va\u0161eho d\u00edt\u011bte. U\u017e to zdaleka nen\u00ed pouto jen mezi v\u00e1mi a va\u0161\u00edm d\u00edt\u011btem, co je prakticky jen na \u0161kodu, proto\u017ee dne\u0161n\u00ed tlak v\u00e1m nedovol\u00ed si smysl kojen\u00ed pat\u0159i\u010dn\u011b u\u017e\u00edt.\tKojen\u00ed je u\u017e v\u011bc ve\u0159ejn\u00e1!Nen\u00ed nutno vykl\u00e1dat dlouh\u00e9 fakta o tom, jak je kojen\u00ed z\u00e1sadn\u00ed a p\u0159\u00ednosn\u00e9 pro v\u00fdvoj va\u0161eho d\u00edt\u011bte. Je to bezesporu ta nejlep\u0161\u00ed v\u011bc v prvn\u00edch m\u011bs\u00edc\u00edch \u017eivota va\u0161eho d\u011b\u0165\u00e1tka, jakou mu m\u016f\u017eete nab\u00eddnout.\u00a0Ale tak\u00e9 by m\u011bla b\u00fdt osobn\u00ed a soukrom\u00e1. Je zaj\u00edmav\u00e9, jak se posledn\u00ed l\u00e9ta zaj\u00edm\u00e1 o kojen\u00ed \u0161irok\u00e1 ve\u0159ejnost. Dokonce i ti, co d\u011bti nemaj\u00ed a prakticky k n\u011bmu nemaj\u00ed ani co \u0159\u00edct. P\u0159ipravte se tedy na to, \u017ee ot\u00e1zka typu \u201eKoj\u00ed\u0161?\u201c v\u00e1m bude pokl\u00e1d\u00e1na mnohem \u010dast\u011bji, ne\u017e byste si mysleli. A s n\u00ed se rozvine i cel\u00e1 \u0159ada informac\u00ed, kter\u00e9 maj\u00ed pot\u0159ebu v\u0161ichni v\u011bd\u011bt.\u00a0Zavalen\u00e1 budete i nespo\u010detn\u00fdm mno\u017estv\u00edm rad a doporu\u010den\u00ed. A v\u011b\u0159te tomu, \u017ee se t\u00e9matu \u201ekojen\u00ed\u201c nevyhnete v \u017e\u00e1dn\u00e9 situaci a na \u017e\u00e1dn\u00e9m m\u00edst\u011b. No a kdy\u017e si mysl\u00edte, \u017ee alespo\u0148 mu\u017ei se o v\u00e1\u0161 koj\u00edc\u00ed ritu\u00e1l nebudou zaj\u00edmat, op\u011bt se pletete.\tMate\u0159sk\u00e9 ml\u00e9ko versus um\u011bl\u00e9Je vskutku neuv\u011b\u0159iteln\u00e9 do jak\u00e9 m\u00edry je matka souzen\u00e1 za to, \u017ee sv\u00e9 d\u00edt\u011b nekoj\u00ed. P\u0159itom je to \u010dist\u011b jen na jej\u00edm uv\u00e1\u017een\u00ed a \u0159ad\u011b okolnost\u00ed, kter\u00e9 m\u016f\u017eou m\u00edt na sv\u011bdom\u00ed fakt, \u017ee kojit ani nem\u016f\u017ee. Nikoho nezaj\u00edm\u00e1 fakt, \u017ee kojen\u00ed nen\u00ed v\u011bc \u00fapln\u011b jednoduch\u00e1 a \u010dasto sebou p\u0159in\u00e1\u0161\u00ed velk\u00e9 komplikace.\u00a0Um\u011bl\u00e9 ml\u00e9ko nab\u00edzen\u00e9 d\u011btem je pro n\u011bkter\u00e9 lidi jako jed, kter\u00fdm ohro\u017eujete na \u017eivot\u011b sv\u00e9 d\u00edt\u011b a ned\u00e1v\u00e1te mu dostate\u010dn\u00fd p\u0159\u00edsun vitam\u00ednu, miner\u00e1lu a \u017eivin. P\u0159itom d\u00e1vat d\u00edt\u011bti um\u011bl\u00e9 ml\u00e9ko nen\u00ed v\u011bc modern\u00ed, ale n\u011bkdy jen nutnost!\t\u0147adra versus fla\u0161kaNa jednu stranu je dnes kojen\u00ed na ve\u0159ejnosti pobu\u0159uj\u00edc\u00ed a nevhodn\u00e9. \u017deny, kter\u00e9 se sna\u017e\u00ed nakojit sv\u00e9 d\u00edt\u011b se mus\u00ed v\u0161emo\u017en\u011b schov\u00e1vat a odch\u00e1zet na m\u00edsta, kde je nikdo nevid\u00ed. Pokud ov\u0161em vyt\u00e1hnete kojeneckou fla\u0161ku (t\u0159eba i s mate\u0159sk\u00fdm ml\u00e9kem) okam\u017eit\u011b se na v\u00e1s zaval\u00ed vlna kritiky a dostanete se do stejn\u011b pohor\u0161uj\u00edc\u00ed situace, jakou je samotn\u00e9 kojen\u00ed.Je neuv\u011b\u0159iteln\u011b n\u00e1ro\u010dn\u00e9 proj\u00edt si procesem, kdy se na v\u00e1s bude sypat vlna ot\u00e1zek. Nesm\u00edte se nechat rozhodit a sebrat si va\u0161e pouto a n\u00e1dhernou chvilku s va\u0161\u00edm d\u011b\u0165\u00e1tkem jen proto, \u017ee ostatn\u00ed \u0159e\u0161\u00ed n\u011bco, co se jich naprosto net\u00fdk\u00e1.                                                                                                                                                                                                                                                                                                                                                                                        4.2\/5 - (12 votes)        "},{"@context":"https:\/\/schema.org\/","@type":"BreadcrumbList","itemListElement":[{"@type":"ListItem","position":1,"name":"Osobn\u00ed z\u00e1le\u017eitost jm\u00e9nem KOJEN\u00cd","item":"https:\/\/www.strabis.cz\/osobni-zalezitost-jmenem-kojeni\/#breadcrumbitem"}]}]