[{"@context":"https:\/\/schema.org\/","@type":"Article","@id":"https:\/\/www.strabis.cz\/objednejte-si-u-nas-obsah-i-objem\/#Article","mainEntityOfPage":"https:\/\/www.strabis.cz\/objednejte-si-u-nas-obsah-i-objem\/","headline":"Objednejte si u n\u00e1s obsah i objem","name":"Objednejte si u n\u00e1s obsah i objem","description":"Za l\u00e9ta zku\u0161enost\u00ed v propagaci V\u00e1m reklamn\u00ed textil doporu\u010dujeme jako nejspolehliv\u011bj\u0161\u00ed reklamn\u00ed upout\u00e1vku. Samoz\u0159ejm\u011b nejv\u011bt\u0161\u00edm tah\u00e1kem jsou tri\u010dka ve v\u0161ech podob\u00e1ch, barv\u00e1ch a stylech a s dob\u0159e nam\u00ed\u0159en\u00fdm n\u00e1padn\u00fdm i decentn\u00edm efektem je u n\u00e1s dostanete kvalitn\u00ed zna\u010dkov\u00e1 a v mno\u017estv\u00ed, kter\u00e9 pot\u0159ebujete. Spole\u010dn\u011b s V\u00e1mi slad\u00edme i celou kolekci na zimu a l\u00e9to. Tref\u00edme [&hellip;]","datePublished":"2024-11-18","dateModified":"2024-11-18","author":{"@type":"Person","@id":"https:\/\/www.strabis.cz\/author\/#Person","name":"strabis.cz\n","url":"https:\/\/www.strabis.cz\/author\/","identifier":1,"image":{"@type":"ImageObject","@id":"https:\/\/secure.gravatar.com\/avatar\/68b3ed45b3ae6ecdad6bfa25b4077e93536d7764172b2830acbdb661d7242512?s=96&d=mm&r=g","url":"https:\/\/secure.gravatar.com\/avatar\/68b3ed45b3ae6ecdad6bfa25b4077e93536d7764172b2830acbdb661d7242512?s=96&d=mm&r=g","height":96,"width":96}},"publisher":{"@type":"Organization","name":"strabis.cz","logo":{"@type":"ImageObject","@id":"\/logo.png","url":"\/logo.png","width":600,"height":60}},"url":"https:\/\/www.strabis.cz\/objednejte-si-u-nas-obsah-i-objem\/","wordCount":168,"articleBody":"Za l\u00e9ta zku\u0161enost\u00ed v propagaci V\u00e1m reklamn\u00ed textil doporu\u010dujeme jako nejspolehliv\u011bj\u0161\u00ed reklamn\u00ed upout\u00e1vku. Samoz\u0159ejm\u011b nejv\u011bt\u0161\u00edm tah\u00e1kem jsou tri\u010dka ve v\u0161ech podob\u00e1ch, barv\u00e1ch a stylech a s dob\u0159e nam\u00ed\u0159en\u00fdm n\u00e1padn\u00fdm i decentn\u00edm efektem je u n\u00e1s dostanete kvalitn\u00ed zna\u010dkov\u00e1 a v mno\u017estv\u00ed, kter\u00e9 pot\u0159ebujete. Spole\u010dn\u011b s V\u00e1mi slad\u00edme i celou kolekci na zimu a l\u00e9to.\tTref\u00edme se do \u010dern\u00e9hoJsme profesion\u00e1lov\u00e9 a nejlep\u0161\u00ed cestou spolupr\u00e1ce se z\u00e1kazn\u00edkem je zak\u00e1zka od n\u00e1vrhu po realizaci. Vybereme s V\u00e1mi reklamn\u00ed textil podle typu objedn\u00e1vky, m\u016f\u017eete obl\u00e9ci sv\u00e9 firemn\u00ed zam\u011bstnance a pozor, nikoli do uniforem, ale s n\u00e1padem. Na\u0161i odborn\u00edci V\u00e1m ud\u011blaj\u00ed profesion\u00e1ln\u00ed n\u00e1vrh s citem na spole\u010densk\u00e9 akce. S dopl\u0148ky nav\u00edc V\u00e1m ud\u011bl\u00e1me skv\u011blou cenu.                                                                                                                                                                                                                                                                                                                                                                                        5\/5 - (1 vote)        "},{"@context":"https:\/\/schema.org\/","@type":"BreadcrumbList","itemListElement":[{"@type":"ListItem","position":1,"name":"Objednejte si u n\u00e1s obsah i objem","item":"https:\/\/www.strabis.cz\/objednejte-si-u-nas-obsah-i-objem\/#breadcrumbitem"}]}]