[{"@context":"https:\/\/schema.org\/","@type":"Article","@id":"https:\/\/www.strabis.cz\/mate-problem-s-vyberem-kocarku\/#Article","mainEntityOfPage":"https:\/\/www.strabis.cz\/mate-problem-s-vyberem-kocarku\/","headline":"M\u00e1te probl\u00e9m s v\u00fdb\u011brem ko\u010d\u00e1rku?","name":"M\u00e1te probl\u00e9m s v\u00fdb\u011brem ko\u010d\u00e1rku?","description":"Jist\u011b jste n\u011bkdy proch\u00e1zeli kolem obchodu s ko\u010d\u00e1rky, a to i kdy\u017e nem\u00e1te d\u011bti. Ale t\u0159eba d\u011bti budete m\u00edt nebo d\u011bti zrovna \u010dek\u00e1te a narazili jste na tento \u010dl\u00e1nek o ko\u010d\u00e1rc\u00edch. Ko\u010d\u00e1rk\u016f je mnoho, a pr\u00e1v\u011b proto m\u00e1te velk\u00fd probl\u00e9m s t\u00edm vybrat si n\u011bjak\u00fd, kter\u00fd v\u00e1m bude vyhovovat. Nav\u00edc to nen\u00ed ani nic levn\u00e9ho, [&hellip;]","datePublished":"2023-02-13","dateModified":"2023-05-03","author":{"@type":"Person","@id":"https:\/\/www.strabis.cz\/author\/#Person","name":"strabis.cz\n","url":"https:\/\/www.strabis.cz\/author\/","identifier":1,"image":{"@type":"ImageObject","@id":"https:\/\/secure.gravatar.com\/avatar\/68b3ed45b3ae6ecdad6bfa25b4077e93536d7764172b2830acbdb661d7242512?s=96&d=mm&r=g","url":"https:\/\/secure.gravatar.com\/avatar\/68b3ed45b3ae6ecdad6bfa25b4077e93536d7764172b2830acbdb661d7242512?s=96&d=mm&r=g","height":96,"width":96}},"publisher":{"@type":"Organization","name":"strabis.cz","logo":{"@type":"ImageObject","@id":"\/logo.png","url":"\/logo.png","width":600,"height":60}},"image":{"@type":"ImageObject","@id":"https:\/\/www.strabis.cz\/wp-content\/uploads\/baby-carriage-891080__340_2.jpg","url":"https:\/\/www.strabis.cz\/wp-content\/uploads\/baby-carriage-891080__340_2.jpg","height":0,"width":0},"url":"https:\/\/www.strabis.cz\/mate-problem-s-vyberem-kocarku\/","about":["V\u00fdrobky"],"wordCount":432,"articleBody":"        Jist\u011b jste n\u011bkdy proch\u00e1zeli kolem obchodu s ko\u010d\u00e1rky, a to i kdy\u017e nem\u00e1te d\u011bti. Ale t\u0159eba d\u011bti budete m\u00edt nebo d\u011bti zrovna \u010dek\u00e1te a narazili jste na tento \u010dl\u00e1nek o ko\u010d\u00e1rc\u00edch. Ko\u010d\u00e1rk\u016f je mnoho, a pr\u00e1v\u011b proto m\u00e1te velk\u00fd probl\u00e9m s t\u00edm vybrat si n\u011bjak\u00fd, kter\u00fd v\u00e1m bude vyhovovat. Nav\u00edc to nen\u00ed ani nic levn\u00e9ho, tak\u017ee je pom\u011brn\u011b t\u011b\u017ek\u00e9 si vybrat n\u011bjak\u00fd, na kter\u00fd pak nebudete nad\u00e1vat a budete r\u00e1di, \u017ee jste ho za tu cenu koupili. M\u00e1lokdo najde takov\u00fd ko\u010d\u00e1rek, ale i kdy\u017e si koup\u00edte \u0161patn\u00fd ko\u010d\u00e1rek, tak to s n\u00edm mus\u00edte bohu\u017eel vydr\u017eet, proto\u017ee to nen\u00ed polo\u017eka, za kterou byste dali p\u00e1r korun. Klasick\u00e9 Riko ko\u010d\u00e1rky jsou nej\u010dast\u011bji vyu\u017e\u00edvan\u00e9 ko\u010d\u00e1rky pro novorozence. Tyto ko\u010d\u00e1rky maj\u00ed hlubokou v\u00fdpl\u0148ovou ta\u0161ku, kter\u00e1 poskytuje d\u00edt\u011bti maxim\u00e1ln\u00ed pohodl\u00ed\u010dko a bezpe\u010d\u00ed b\u011bhem j\u00edzdy, co\u017e je to nejhlavn\u011bj\u0161\u00ed, na co se d\u00edv\u00e1te p\u0159i v\u00fdb\u011bru ko\u010d\u00e1rku. Tyto ko\u010d\u00e1rky jsou obvykle vybaveny pohodlnou rukojet\u00ed a velk\u00fdmi kole\u010dky, co\u017e z nich d\u011bl\u00e1 stabiln\u00ed a snadno ovladateln\u00e9 a b\u00fdvaj\u00ed velmi obl\u00edben\u00e9 u skoro v\u0161ech maminek, kter\u00e9 cht\u011bj\u00ed prost\u011b klasick\u00fd ko\u010d\u00e1rek. Ale je tu mo\u017enost i pro rodi\u010de, kte\u0159\u00ed cht\u011bj\u00ed b\u00fdt v\u00edce aktivn\u00ed. Jsou to sportovn\u00ed ko\u010d\u00e1rky. Tyto ko\u010d\u00e1rky maj\u00ed leh\u010d\u00ed konstrukci a jsou vybaveny velk\u00fdmi kole\u010dky s v\u011bt\u0161\u00ed pohyblivost\u00ed, co\u017e zaji\u0161\u0165uje hladkou j\u00edzdu po nerovn\u00e9m ter\u00e9nu. Tyto ko\u010d\u00e1rky jsou obvykle vybaveny p\u011btibodov\u00fdm bezpe\u010dnostn\u00edm p\u00e1sem a jsou vhodn\u00e9 pro star\u0161\u00ed d\u011bti. Vy jako rodi\u010d tak m\u016f\u017eete s t\u00edmto ko\u010d\u00e1rkem jezdit kam chcete a d\u00edt\u011b se v\u00e1m nevyklop\u00ed, co\u017e je celkem fajn.Dal\u0161\u00ed takovou kategori\u00ed jsou praktick\u00e9 ko\u010d\u00e1rky, kter\u00e9 v\u011bt\u0161inou b\u00fdvaj\u00ed dva v jednom, tedy m\u00e1te autoseda\u010dku, ze kter\u00e9 pak vyklop\u00edte kole\u010dka a m\u00e1te r\u00e1zem ko\u010d\u00e1rek. Nejsou ale ur\u010deny na je\u017ed\u011bn\u00ed po cel\u00fd den a na nerovn\u00e9m povrchu, sp\u00ed\u0161e opravdu kdy\u017e jdete do obchodu a pot\u0159ebujete rychle zm\u011bnit autoseda\u010dku v ko\u010d\u00e1rek. Je to praktick\u00e9 a rychl\u00e9, tak\u017ee to spl\u0148uje hlavn\u00ed \u00fa\u010del. Nikdo s t\u00edm nepot\u0159ebuje jezdit n\u011bjak\u00e9 dlouh\u00e9 j\u00edzdy.                                                                                                                                                                                                                                                                                                                                                                                          3\/5 - (2 votes)        "},{"@context":"https:\/\/schema.org\/","@type":"BreadcrumbList","itemListElement":[{"@type":"ListItem","position":1,"name":"M\u00e1te probl\u00e9m s v\u00fdb\u011brem ko\u010d\u00e1rku?","item":"https:\/\/www.strabis.cz\/mate-problem-s-vyberem-kocarku\/#breadcrumbitem"}]}]